{"id":132180,"date":"2026-01-08T15:03:35","date_gmt":"2026-01-08T14:03:35","guid":{"rendered":"https:\/\/erdmost.hu\/?p=132180"},"modified":"2026-08-25T12:22:14","modified_gmt":"2026-08-25T10:22:14","slug":"szepes-parkvaros-varosi-konyvtar-januar","status":"publish","type":"post","link":"https:\/\/dev.erdmost.hu\/en\/2026\/01\/08\/szepes-parkvaros-varosi-konyvtar-januar\/","title":{"rendered":"Szepes, Parkv\u00e1ros, v\u00e1rosi k\u00f6nyvt\u00e1r \u2013 szeptember"},"content":{"rendered":"<p><a href=\"https:\/\/erdkultura.hu\/szepes\/\" target=\"_blank\" rel=\"noopener\"><span style=\"color: #ff0000;\"><strong>SZEPES GYULA M\u0170VEL\u0150D\u00c9SI K\u00d6ZPONT<\/strong><\/span><\/a><\/p>\n<p><strong>\u00c1LLAND\u00d3 PROGRAMOK<br \/>\n<\/strong><\/p>\n<p><strong>H\u00e9tf\u0151nk\u00e9nt<br \/>\n16:00<\/strong> <em>\u2013 Masters SE<\/em>\u00a0<strong>16:00<\/strong><em> \u2013 Pesov\u00e1r Ferenc N\u00e9pt\u00e1nc Suli, <\/em>Vitalit\u00e1s Klub, <strong>16:00<\/strong><em> \u2013 <\/em><span style=\"font-size: 16px;\"><em>Kertbar\u00e1tk\u00f6r<\/em> (p\u00e1ros h\u00e9t) <\/span><strong>17:30<\/strong> \u2013 <em>Szirmok V\u00e1rosi N\u0151i Kar<br \/>\n<\/em><strong>18:00<\/strong> <em>\u2013 J\u00f3ga<\/em><\/p>\n<p><strong>Keddenk\u00e9nt<br \/>\n9:00 <em>\u2013 <\/em><\/strong><em>3-1-2 Meridi\u00e1ntorna <\/em><strong>9:30<\/strong> \u2013 <em>IRKA m\u0171hely<\/em> (p\u00e1ros h\u00e9t) <strong>9:45<\/strong> <em>\u2013 Szenzomotoros torna <\/em><strong>12:00<\/strong> \u2013 <em>Tear\u00f3zsa \u00c9nekkar<\/em> (p\u00e1ros h\u00e9t) <strong>14:00 <\/strong>\u2013 <em>\u00c9letet az \u00e9veknek nyugd\u00edjasklub<\/em> (p\u00e1ros h\u00e9t)<em>, Borosty\u00e1n Nyugd\u00edjas Klub<\/em> (p\u00e1ratlan h\u00e9t)\u00a0<strong>16:00<\/strong> \u2013 <em>\u00c9rdi Bukovinai Sz\u00e9kely N\u00e9pdalk\u00f6r <\/em><strong>17:00<\/strong> \u2013 <em>Pilates<\/em><\/p>\n<p><strong>Szerd\u00e1nk\u00e9nt<br \/>\n<\/strong><strong>9:00<\/strong>\u00a0\u2013 3-1-2 Meridi\u00e1ntorna <strong style=\"font-size: 16px; font-style: normal;\">9:00 \u2013 <\/strong><em>Kezd\u0151 angol nyelvtanfolyam I-II. <\/em><strong>9:30 <\/strong><em>Babahordoz\u00f3 Klub (p\u00e1ratlan h\u00e9t)<\/em><strong><strong style=\"font-size: 16px; font-style: normal;\">10:15<\/strong><\/strong> \u2013 <em>Halad\u00f3 angol nyelvtanfolyam<br \/>\n<\/em><strong>10:30 <\/strong>Szenior \u00f6r\u00f6mt\u00e1nc <strong>14:00<\/strong> \u2013 <em>Bar\u00e1t<\/em><em>kozzunk nyugd\u00edjasklub <strong>(utols\u00f3 szerda)<\/strong><\/em> <strong>16.00 <\/strong>\u2013 <em>Bukovina sz\u00e9kely n\u00e9pdalk\u00f6r<\/em> <strong>16:00<\/strong> \u2013 <em>Pesov\u00e1r<\/em> <strong>16:30<\/strong> \u2013 <em>Kisk\u00f6r\u00fati Sz\u00edniiskola <\/em><strong>18:00 <\/strong>\u2013 <em>Rosenbr\u00fccke N\u00e9met Nemzetis\u00e9gi K\u00f3rus<\/em><\/p>\n<p><strong>Cs\u00fct\u00f6rt\u00f6k\u00f6nk\u00e9nt<\/strong><br \/>\n<strong>9:00<em> \u2013<\/em><\/strong><em> Senior gerincj\u00f3ga <\/em><strong>10:00<\/strong> \u2013 <em>Kerek\u00edt\u0151 Mond\u00f3k\u00e1z\u00f3 <\/em><strong>10:00<\/strong><em> \u2013 Senior gerincj\u00f3ga <\/em><strong>\u00a010:00<\/strong> \u2013 Tarka macska torna <strong>11:00<\/strong> \u2013 Senior gerincj\u00f3ga\u00a0 <em>Vol\u00e1n nyugd\u00edjasklub<\/em> (utols\u00f3 cs\u00fct\u00f6rt\u00f6k) <strong>17:00<\/strong> \u2013 Tarka macska torna <strong>17:00<\/strong> \u2013 <em>Rozmaring N\u00e9met Nemzetis\u00e9gi K\u00f3rus <\/em><strong>19:00 <\/strong>\u2013 <em>Salsa<br \/>\n<\/em><\/p>\n<p><strong>P\u00e9ntekenk\u00e9nt<\/strong><br \/>\n<strong>10:00<\/strong> \u2013 <em>Kerek\u00edt\u0151 mond\u00f3k\u00e1z\u00f3<\/em> <strong>10:45<\/strong> \u2013<em> Kerek\u00edt\u0151 Man\u00f3 Torna<\/em> <strong>18:00<\/strong> \u2013 <em>Kezd\u0151 country line dance \u00f3ra<\/em><\/p>\n<p><strong>Szombatonk\u00e9nt<br \/>\n10:00<\/strong> \u2013 <em>Kisk\u00f6r\u00fati sz\u00edniiskola <\/em><strong>11:00<\/strong><em> \u2013 Bricks Challenge<\/em><\/p>\n<p>&nbsp;<\/p>\n<p><strong>SZEPTEMBERI PROGRAMOK<\/strong><\/p>\n<p><strong>Szeptember 4. 18:00 <\/strong><br \/>\n<span style=\"color: #ff0000;\">\u00daJ!<\/span> <em>Kezd\u0151 country line dance \u00f3r\u00e1k<\/em><br \/>\nP\u00e9ntekenk\u00e9nt 18:00-t\u00f3l, t\u00e1nctud\u00e1s n\u00e9lk\u00fcl is elkezdhet\u0151.<br \/>\nA szeptember 4-i alkalom ingyenes!<br \/>\nTov\u00e1bbi inform\u00e1ci\u00f3: N\u00e9meti Imre (06 70\/328 6358)<\/p>\n<p>&nbsp;<\/p>\n<p><img fetchpriority=\"high\" decoding=\"async\" class=\"aligncenter wp-image-144023\" src=\"https:\/\/erdmost.hu\/wp-content\/uploads\/2026\/01\/country-dance.png\" alt=\"\" width=\"600\" height=\"900\" srcset=\"https:\/\/dev.erdmost.hu\/wp-content\/uploads\/2026\/01\/country-dance.png 1024w, https:\/\/dev.erdmost.hu\/wp-content\/uploads\/2026\/01\/country-dance-200x300.png 200w, https:\/\/dev.erdmost.hu\/wp-content\/uploads\/2026\/01\/country-dance-768x1152.png 768w, https:\/\/dev.erdmost.hu\/wp-content\/uploads\/2026\/01\/country-dance-8x12.png 8w, https:\/\/dev.erdmost.hu\/wp-content\/uploads\/2026\/01\/country-dance-373x560.png 373w, https:\/\/dev.erdmost.hu\/wp-content\/uploads\/2026\/01\/country-dance-533x800.png 533w\" sizes=\"(max-width: 600px) 100vw, 600px\" \/><\/p>\n<p><strong>Szeptember 5. 9:00 \u2013 15:00 <\/strong><br \/>\n<em>Az \u00c9rdi Kertbar\u00e1t K\u00f6r term\u00e9nybemutat\u00f3 ki\u00e1ll\u00edt\u00e1sa<\/em><br \/>\n<strong>9:00-t\u00f3l<\/strong> az \u201eAz \u00e9n kiskertem\u201d rajzp\u00e1ly\u00e1zat eredm\u00e9nyhirdet\u00e9se<\/p>\n<p><strong>Szeptember 8. 10:00 \u2013 12:00<\/strong><br \/>\n<em>Bels\u0151 \u00e9rt\u00e9keink nyom\u00e1ban \u2013 \u00f6nismeret, szem\u00e9lyis\u00e9gfejleszt\u00e9s<\/em><br \/>\n(Id\u0151sen, akt\u00edvan, \u00c9rden)<\/p>\n<p><strong>Szeptember 10. 13:00 \u2013 18:00 <\/strong><br \/>\n<em>K\u00f6nyvturi a K\u00f6nyvker\u00e9kn\u00e9l<\/em><br \/>\nHelysz\u00edn: 2030 \u00c9rd, J\u00e1zmin utca 8.<br \/>\nV\u00e1logasson kedv\u00e9re a t\u00f6bb mint 60.000 k\u00f6tet k\u00f6z\u00f6tt, \u00e9s friss\u00edtse fel k\u00f6nyvespolc\u00e1t ingyen!<br \/>\n(Id\u0151sen, akt\u00edvan, \u00c9rden)<\/p>\n<p><strong>Szeptember 12. 9:00 \u2013 18:00 <\/strong><br \/>\n<em>Kockanapok<\/em><br \/>\nA jegyek a helysz\u00ednen, a ki\u00e1ll\u00edt\u00e1s napj\u00e1n v\u00e1s\u00e1rolhat\u00f3k meg.<\/p>\n<p><img decoding=\"async\" class=\"aligncenter size-full wp-image-144026\" src=\"https:\/\/erdmost.hu\/wp-content\/uploads\/2026\/01\/kockanapok_erd.jpg\" alt=\"\" width=\"851\" height=\"315\" srcset=\"https:\/\/dev.erdmost.hu\/wp-content\/uploads\/2026\/01\/kockanapok_erd.jpg 851w, https:\/\/dev.erdmost.hu\/wp-content\/uploads\/2026\/01\/kockanapok_erd-300x111.jpg 300w, https:\/\/dev.erdmost.hu\/wp-content\/uploads\/2026\/01\/kockanapok_erd-768x284.jpg 768w, https:\/\/dev.erdmost.hu\/wp-content\/uploads\/2026\/01\/kockanapok_erd-18x7.jpg 18w\" sizes=\"(max-width: 851px) 100vw, 851px\" \/><\/p>\n<p><strong>Szeptember 13. 9:00 \u2013 18:00 <\/strong><br \/>\n<em>Kockanapok<\/em><br \/>\nA jegyek a helysz\u00ednen, a ki\u00e1ll\u00edt\u00e1s napj\u00e1n v\u00e1s\u00e1rolhat\u00f3k meg.<\/p>\n<p><strong>Szeptember 14. 14:00 <\/strong><br \/>\n<em>Rendhagy\u00f3 t\u00f6rt\u00e9nelem\u00f3ra Csap\u00f3 Csab\u00e1val \u2013 gasztrot\u00f6rt\u00e9nelem<\/em><br \/>\nF\u0171szerek \u00fatja: a t\u00f6rt\u00e9nelemt\u0151l a gy\u00f3gyhat\u00e1sokig<br \/>\nEl\u0151ad\u00e1s \u201ef\u0171szerkv\u00edzzel\u201d egybek\u00f6tve<br \/>\nEl\u0151zetes regisztr\u00e1ci\u00f3 sz\u00fcks\u00e9ges a szucs.agnes@erdkultura.hu e-mail-c\u00edmen.<br \/>\n(Id\u0151sen, akt\u00edvan, \u00c9rden)<\/p>\n<p><strong>Szeptember 17. 14:00 <\/strong><br \/>\n<em>\u00c9rdi Id\u0151sek Akad\u00e9mi\u00e1ja: <\/em>Szarka D\u00f3ra interj\u00fak\u00f6nyve 70 felett is akt\u00edv h\u00edress\u00e9gekkel<br \/>\n(Bagdy Em\u0151ke, Rosenstein Tibor, K\u00fcrti S\u00e1ndor, Dr. M\u00e1gori Anik\u00f3) K\u00f6nyvbemutat\u00f3 &amp; besz\u00e9lget\u00e9s<br \/>\n(Id\u0151sen, akt\u00edvan, \u00c9rden)<\/p>\n<p><strong>Szeptember 20. 10:30 <\/strong><br \/>\n<em>\u00c1lmok B\u00e1bsz\u00ednh\u00e1za: A par\u00e1nyi cirkusz<\/em><br \/>\nVid\u00e1m \u00e9s sz\u00f3rakoztat\u00f3 mese k\u00fcl\u00f6nleges kell\u00e9kekkel \u00e9s speci\u00e1lis effektekkel.<br \/>\nAz el\u0151ad\u00e1sra sz\u00f3l\u00f3 jegyek a Szepes Gyula M\u0171vel\u0151d\u00e9si K\u00f6zpont jegyp\u00e9nzt\u00e1r\u00e1ban <u>kiz\u00e1r\u00f3lag k\u00e9szp\u00e9nzzel v\u00e1s\u00e1rolhat\u00f3k meg.<\/u><\/p>\n<p><strong>Szeptember 20. 19:00 <\/strong><br \/>\n<em>L\u00e1nyb\u00facs\u00fa \u2013 musical<\/em><br \/>\nA Liliom Produkci\u00f3 \u00faj musical bemutat\u00f3ja.<br \/>\nJegy\u00e1r: 9.155 Ft<br \/>\n<a href=\"https:\/\/liliomprodukcio.jegy.hu\/program\/lanybucsu-musical-192627\">https:\/\/liliomprodukcio.jegy.hu\/program\/lanybucsu-musical-192627<\/a><\/p>\n<p><img decoding=\"async\" class=\"aligncenter wp-image-144024\" src=\"https:\/\/erdmost.hu\/wp-content\/uploads\/2026\/01\/lanybucsu.jpg\" alt=\"\" width=\"800\" height=\"450\" srcset=\"https:\/\/dev.erdmost.hu\/wp-content\/uploads\/2026\/01\/lanybucsu.jpg 1600w, https:\/\/dev.erdmost.hu\/wp-content\/uploads\/2026\/01\/lanybucsu-300x169.jpg 300w, https:\/\/dev.erdmost.hu\/wp-content\/uploads\/2026\/01\/lanybucsu-768x432.jpg 768w, https:\/\/dev.erdmost.hu\/wp-content\/uploads\/2026\/01\/lanybucsu-18x10.jpg 18w, https:\/\/dev.erdmost.hu\/wp-content\/uploads\/2026\/01\/lanybucsu-996x560.jpg 996w, https:\/\/dev.erdmost.hu\/wp-content\/uploads\/2026\/01\/lanybucsu-1100x619.jpg 1100w\" sizes=\"(max-width: 800px) 100vw, 800px\" \/><\/p>\n<p><strong>Szeptember 22. 10:00<\/strong><br \/>\n<em>Senior k\u00f6nyvklub \u2013 <\/em>Ljudmila Ulickaja: Szonyecska<br \/>\n(Id\u0151sen, akt\u00edvan, \u00c9rden)<\/p>\n<p><strong>Szeptember 24. 17:00 <\/strong><br \/>\n<em>\u201eB\u00f6lcsess\u00e9g kora \u2013 a mi korunk\u201d<\/em><br \/>\n\u0150szinte, kiscsoportos besz\u00e9lget\u00e9sek az id\u0151skorr\u00f3l<br \/>\n(Id\u0151sen, akt\u00edvan, \u00c9rden)<\/p>\n<p><strong>Szeptember 26. 10:00 <\/strong><br \/>\n<em>Git\u00e1riskola \u00c9rd \u2212 Kiss git\u00e1riskola koncertje<\/em><\/p>\n<p><strong>Szeptember 27. 16:00 <\/strong><br \/>\n<em>Bub\u00e1k \u00e9s a Var\u00e1zsk\u00f6nyv<\/em><br \/>\nZen\u00e9s, interakt\u00edv mesej\u00e1t\u00e9k, 3\u201312 \u00e9ves gyerekeknek aj\u00e1nlott.<br \/>\nJegy\u00e1r: 4.650 Ft<br \/>\n<a href=\"https:\/\/www.habubumese.com\/jegyek\/Bubak-Jegyek\/bubak-erd\">https:\/\/www.habubumese.com\/jegyek\/Bubak-Jegyek\/bubak-erd<\/a><\/p>\n<p><img loading=\"lazy\" decoding=\"async\" class=\"aligncenter wp-image-144027\" src=\"https:\/\/erdmost.hu\/wp-content\/uploads\/2026\/01\/Bubak_PLAKAT-v00-09-27-erd-980x1323-1.jpg\" alt=\"\" width=\"800\" height=\"1080\" srcset=\"https:\/\/dev.erdmost.hu\/wp-content\/uploads\/2026\/01\/Bubak_PLAKAT-v00-09-27-erd-980x1323-1.jpg 980w, https:\/\/dev.erdmost.hu\/wp-content\/uploads\/2026\/01\/Bubak_PLAKAT-v00-09-27-erd-980x1323-1-222x300.jpg 222w, https:\/\/dev.erdmost.hu\/wp-content\/uploads\/2026\/01\/Bubak_PLAKAT-v00-09-27-erd-980x1323-1-768x1037.jpg 768w, https:\/\/dev.erdmost.hu\/wp-content\/uploads\/2026\/01\/Bubak_PLAKAT-v00-09-27-erd-980x1323-1-9x12.jpg 9w, https:\/\/dev.erdmost.hu\/wp-content\/uploads\/2026\/01\/Bubak_PLAKAT-v00-09-27-erd-980x1323-1-415x560.jpg 415w, https:\/\/dev.erdmost.hu\/wp-content\/uploads\/2026\/01\/Bubak_PLAKAT-v00-09-27-erd-980x1323-1-593x800.jpg 593w\" sizes=\"(max-width: 800px) 100vw, 800px\" \/><\/p>\n<p><strong>Szeptember 28. 13:30<\/strong><br \/>\n<em>Id\u0151sek vil\u00e1gnapja 2026: Ill\u00e9nyi Katica \u00e9s Ny\u00e1ri K\u00e1roly \u00fcnnepi m\u0171sora<\/em><br \/>\nA programon a r\u00e9szv\u00e9tel az \u00e9rdi 60 \u00e9v felettieknek ingyenes, de regisztr\u00e1ci\u00f3s jegy v\u00e1lt\u00e1sa sz\u00fcks\u00e9ges. A regisztr\u00e1ci\u00f3s jegyek 2026. szeptember 8-t\u00f3l el\u00e9rhet\u0151ek a Szepes Gyula M\u0171vel\u0151d\u00e9si K\u00f6zpont \u00e9s a Parkv\u00e1rosi K\u00f6z\u00f6ss\u00e9gi H\u00e1z inform\u00e1ci\u00f3s pultjaiban.<br \/>\n(Id\u0151sen, akt\u00edvan, \u00c9rden)<\/p>\n<p><strong>Szeptember 29. 13:30 <\/strong><br \/>\n<em>Id\u0151sek vil\u00e1gnapja 2026: Ill\u00e9nyi Katica \u00e9s Ny\u00e1ri K\u00e1roly \u00fcnnepi m\u0171sora<\/em><br \/>\nA programon a r\u00e9szv\u00e9tel az \u00e9rdi 60 \u00e9v felettieknek ingyenes, de regisztr\u00e1ci\u00f3s jegy v\u00e1lt\u00e1sa sz\u00fcks\u00e9ges. A regisztr\u00e1ci\u00f3s jegyek 2026. szeptember 8-t\u00f3l el\u00e9rhet\u0151ek a Szepes Gyula M\u0171vel\u0151d\u00e9si K\u00f6zpont \u00e9s a Parkv\u00e1rosi K\u00f6z\u00f6ss\u00e9gi H\u00e1z inform\u00e1ci\u00f3s pultjaiban.<br \/>\n(Id\u0151sen, akt\u00edvan, \u00c9rden)<\/p>\n<p><strong>Szeptember 29. 19:00 <\/strong><br \/>\n<em>Dumasz\u00ednh\u00e1z: \u00d3nlakodalom<\/em> \u2013 Lakatos L\u00e1szl\u00f3 10 \u00e9v best ofja Jubileumi el\u0151ad\u00e1s, el\u0151zenekar: Oliver Wolf<br \/>\n<a href=\"https:\/\/dumaszinhaz.jegy.hu\/program\/onlakodalom-lakatos-laszlo-10-ev-best-ofja-jubileumi-eloadas-elozenekar-oliver-wolf-195460\/1484885\">https:\/\/dumaszinhaz.jegy.hu\/program\/onlakodalom-lakatos-laszlo-10-ev-best-ofja-jubileumi-eloadas-elozenekar-oliver-wolf-195460\/1484885<\/a><\/p>\n<h5><span style=\"color: #ff0000;\"><strong>P\u00f3tnagyi program<\/strong><\/span><\/h5>\n<p><em>Szeret gyerekekkel foglalkozni?<\/em><br \/>\nSz\u00edvesen seg\u00edtene csal\u00e1doknak szeretettel, figyelemmel, tapasztalattal?<br \/>\nA Szepes Gyula M\u0171vel\u0151d\u00e9si K\u00f6zpont \u00e9s V\u00e1rosi K\u00f6nyvt\u00e1r 2026 okt\u00f3ber\u00e9ben p\u00f3tnagyi programot ind\u00edt.<\/p>\n<p>A jelentkez\u0151k\u00a0<strong>5 napos (40 \u00f3r\u00e1s) felk\u00e9sz\u00edt\u0151 tr\u00e9ningen<\/strong>\u00a0vehetnek r\u00e9szt, amelynek keret\u00e9ben olyan, a gyerekekkel val\u00f3 foglalkoz\u00e1s, gondoskod\u00e1s sor\u00e1n hasznos\u00edthat\u00f3 ismereteket saj\u00e1t\u00edthatnak el, mint a<\/p>\n<ul>\n<li>kommunik\u00e1ci\u00f3,<\/li>\n<li>digit\u00e1lis ismeretek,<\/li>\n<li>gener\u00e1ci\u00f3k \u00e9s nevel\u00e9s\u00fck,<\/li>\n<li>gyermekgy\u00f3gy\u00e1szati alapismeretek \u00e9s els\u0151seg\u00e9lyny\u00fajt\u00e1s,<\/li>\n<li>csecsem\u0151- \u00e9s gyermekgondoz\u00e1s,<\/li>\n<li>munkav\u00e1llal\u00e1si 1\u00d71,<\/li>\n<li><em>Tanuljunk j\u00e1tszani!<\/em>\u00a0\u2212 k\u00e9zm\u0171ves \u00f6tletek, gyerekdalok, a gyerekek fejl\u0151d\u00e9st seg\u00edt\u0151 j\u00e1t\u00e9kok bemutat\u00e1sa,<\/li>\n<li>az autizmusr\u00f3l \u00e9s m\u00e1s betegs\u00e9gekr\u0151l,<\/li>\n<li><em>Bels\u0151 \u00e9rt\u00e9keink \u2212 Living Values nemzetk\u00f6zi oktat\u00f3program<\/em>\u00a0bemutat\u00e1sa.<\/li>\n<\/ul>\n<p>A tr\u00e9ninget sikeresen elv\u00e9gz\u0151k seg\u00edts\u00e9get kapnak a p\u00f3tnagyit keres\u0151 csal\u00e1dokkal val\u00f3 kapcsolatfelv\u00e9telben.<\/p>\n<p><strong>A felk\u00e9sz\u00edt\u0151 tr\u00e9ning id\u0151pontjai:<\/strong><\/p>\n<ul>\n<li><strong> okt\u00f3ber 13.<\/strong> 8:00\u221215:30<\/li>\n<li><strong> okt\u00f3ber 15.<\/strong> 8:00\u221215:30<\/li>\n<li><strong> okt\u00f3ber 20.<\/strong> 8:00\u221215:30<\/li>\n<li><strong> okt\u00f3ber 22.<\/strong> 8:00\u221215:30<\/li>\n<li><strong> okt\u00f3ber 27.<\/strong> 8:00\u221215:30<\/li>\n<\/ul>\n<p><strong>A tr\u00e9ningen val\u00f3 r\u00e9szv\u00e9tel d\u00edja: 25.000 Ft<br \/>\n<\/strong><em>A r\u00e9szv\u00e9teli d\u00edj tartalmazza a szendvicseb\u00e9det \u00e9s friss\u00edt\u0151t a tr\u00e9ning ideje alatt.<\/em><\/p>\n<p><strong>Jelentkez\u00e9si hat\u00e1rid\u0151:\u00a02026. szeptember 20.<\/strong><br \/>\n<strong>Jelentkez\u00e9s \u00e9s tov\u00e1bbi inform\u00e1ci\u00f3:<\/strong>\u00a0<a href=\"mailto:szucs.agnes@erdkultura.hu\">szucs.agnes@erdkultura.hu<\/a>\u00a0| 06 70\/333 1729<\/p>\n<p>(Id\u0151sen, akt\u00edvan, \u00c9rden)<\/p>\n<p>NYITVATART\u00c1S:<\/p>\n<p>h\u00e9tf\u0151 12:00\u201320:00<br \/>\nkedd 8:00\u201320:00<br \/>\nszerda 8:00\u201320:00<br \/>\ncs\u00fct\u00f6rt\u00f6k 8:00\u201322:00<br \/>\np\u00e9ntek\u202f8:00\u201320:00<br \/>\nszombat 9:00\u201317:00<br \/>\nvas\u00e1rnap: Z\u00e1rva<\/p>\n<p>JEGYP\u00c9NZT\u00c1RI NYITVATART\u00c1S:<\/p>\n<p>kedd: 14:00\u201319:00<br \/>\ncs\u00fct\u00f6rt\u00f6k: 14:00\u201320:00<br \/>\np\u00e9ntek: 9:00\u201314:00<\/p>\n<h4><span style=\"color: #ff0000;\"><b>PARKV\u00c1ROSI M\u0170VEL\u0150D\u00c9SI H\u00c1Z<br \/>\n<\/b><\/span><\/h4>\n<p><strong>Augusztus 27.\u00a0 14:00 <\/strong><br \/>\n<em>Eszterl\u00e1nc Klub\u00a0<\/em><br \/>\n\u201eKell egy \u00e1lom\u201d\u00a0&#8211;\u00a0V\u00e1logat\u00e1s a felejthetetlen Feny\u0151 Mikl\u00f3s \u00f6r\u00f6kz\u00f6ld\u00a0sl\u00e1gereib\u0151l<br \/>\nA programon a r\u00e9szv\u00e9tel d\u00edjtalan.<\/p>\n<p><strong>Szeptember 5. 15:00 <\/strong><br \/>\n<em><strong>Ki\u00e1ll\u00edt\u00e1smegnyit\u00f3:<\/strong> NY\u00c1RI EML\u00c9KEK KI\u00c1LL\u00cdT\u00c1S<\/em><br \/>\nA K\u00e9pz\u0151m\u0171v\u00e9szek \u00c9rdi K\u00f6z\u00f6ss\u00e9g\u00e9nek csoportos ki\u00e1ll\u00edt\u00e1sa.<br \/>\nA ki\u00e1ll\u00edt\u00e1st megnyitja: Szenczyn\u00e9 Ibolya<br \/>\nK\u00f6zrem\u0171k\u00f6dnek:<br \/>\n\u00c9rdi IRKA<br \/>\nSz\u00e1rnyal\u00f3 S\u00f3lymok Haikucsoport<br \/>\nTemesi \u00c9va Irodalmi K\u00f6r<br \/>\nZene: Falus G\u00e1bor zongoram\u0171v\u00e9sz<\/p>\n<p><strong>Szeptember 5. 18:00 <\/strong><br \/>\n<em>Sv\u00e1b t\u00e1nch\u00e1z<\/em><\/p>\n<p><strong>Szeptember 12. 9:00 \u2013 13:00 <\/strong><br \/>\n<em>Fest\u0151klub feln\u0151tteknek Szegedy Tamar\u00e1val <\/em><br \/>\nSzeptemberi t\u00e9ma: Aranyl\u00f3 szeptember \u2013 kasvir\u00e1g, napraforg\u00f3 \u00e9s a b\u00facs\u00faz\u00f3 ny\u00e1r sz\u00ednei<br \/>\nA fest\u00e9s \u00f6r\u00f6me a Ti\u00e9d!<br \/>\nA fest\u0151klubon a teljesen kezd\u0151k \u00e9s a gyakorlottabbak is megtal\u00e1lj\u00e1k az \u00f6r\u00f6m\u00f6t \u00e9s a kih\u00edv\u00e1st! Minden alkalommal fesz\u00edtett v\u00e1szonra, akrilfest\u00e9kkel k\u00e9sz\u00fclnek a f\u0151 alkot\u00e1sok. \u00c9rdekl\u0151dni \u00e9s jelentkezni az <em><strong>info@bohemkuckom.hu<\/strong><\/em> e-mail-c\u00edmen, vagy Szegedy Tamar\u00e1n\u00e1l a 06 20\/226 2853 telefonsz\u00e1mon lehet!<\/p>\n<p><strong>Szeptember 19. 15:30 <\/strong><br \/>\n<em>Mesed\u00e9lut\u00e1n k\u00e9zm\u0171ves foglalkoz\u00e1ssal <\/em><br \/>\nA foglalkoz\u00e1st tartja: Enyedi Anita<br \/>\nA programon a r\u00e9szv\u00e9tel d\u00edjtalan.<br \/>\nH\u00c1ROM \u00c9VES KORT\u00d3L AJ\u00c1NLOTT.<\/p>\n<p><strong>Szeptember 24. 9:00 <\/strong><br \/>\n<em>Babasz\u00ednh\u00e1z: A doboz <\/em><br \/>\nAz Illaberek B\u00e1bsz\u00ednh\u00e1z el\u0151ad\u00e1sa, 1\u20134 \u00e9ves korig aj\u00e1nlott.<br \/>\nAz el\u0151ad\u00e1s 2026-ban elnyerte a legjobb legkisebbeknek sz\u00f3l\u00f3 el\u0151ad\u00e1snak j\u00e1r\u00f3 \u00dcveghegy-d\u00edjat.<br \/>\n<em><strong>Jegy\u00e1r:<\/strong><\/em> 2.000 Ft\/f\u0151<br \/>\nA jegyek a helysz\u00ednen v\u00e1s\u00e1rolhat\u00f3k meg.<\/p>\n<p><strong>Szeptember 24. 14:00 <\/strong><br \/>\n<em>Eszterl\u00e1nc Klub <\/em><br \/>\n\u201eMindig az a perc&#8230;\u201d \u2212 Kar\u00e1dy Katalin felejthetetlen dalai<br \/>\nA programon a r\u00e9szv\u00e9tel d\u00edjtalan.<\/p>\n<p><strong>Szeptember 26. 9:00 <\/strong><br \/>\n<em>Ker\u00e1mia workshop: leveles t\u00e1rgyak <\/em><br \/>\nVal\u00f3di levelek seg\u00edts\u00e9g\u00e9vel k\u00e9sz\u00edt\u00fcnk egyedi haszn\u00e1lati- \u00e9s d\u00edszt\u00e1rgyakat.<br \/>\nA foglalkoz\u00e1st tartja: Huber Kinga keramikus<br \/>\nJegy\u00e1r: 1.500 Ft\/f\u0151<br \/>\nA r\u00e9szv\u00e9tel el\u0151zetes regisztr\u00e1ci\u00f3hoz k\u00f6t\u00f6tt. Regisztr\u00e1lni a takacs.gabriella@erdkultura.hu e-mail-c\u00edmen lehet.<\/p>\n<p><strong>Szeptember 26. 15:00 <\/strong><br \/>\n<em>Ki\u00e1ll\u00edt\u00e1smegnyit\u00f3: Tamaskovics Gy\u00f6rgy intarziam\u0171v\u00e9sz ki\u00e1ll\u00edt\u00e1sa <\/em><br \/>\nA ki\u00e1ll\u00edt\u00e1st megnyitja: T. Vajda M\u00e1rta magyartan\u00e1r<br \/>\nZongor\u00e1n k\u00f6zrem\u0171k\u00f6dik: Falus G\u00e1bor zongoram\u0171v\u00e9sz<\/p>\n<p><strong>Szeptember 26. 17:00 <\/strong><br \/>\n<em>Parkv\u00e1rosi Filmklub <\/em><br \/>\nT\u00e9ma: Hogyan v\u00e1lik valaki k\u00f6z\u00f6ss\u00e9gi vezet\u0151v\u00e9?<br \/>\nA programon a r\u00e9szv\u00e9tel d\u00edjtalan.<\/p>\n<p><strong>Sszeptember 29. 14:00 \u2013 17:30 <\/strong><br \/>\n<em>V\u00e9rad\u00e1s<\/em><\/p>\n<p><span style=\"color: #ff0000;\"><b>\u00c1LLAND\u00d3 PROGRAMOK<\/b><\/span><\/p>\n<p><strong>Keddenk\u00e9nt <\/strong><\/p>\n<ul>\n<li><strong>9:00<\/strong> \u2013 <em>Tart\u00e1sjav\u00edt\u00f3 torna<\/em><\/li>\n<li><strong>10:00 <\/strong><em>\u2013 Mese Maci <\/em><\/li>\n<li>1<strong>6:00<\/strong> \u2013<em> Fest\u0151klub gyermekeknek<\/em><\/li>\n<li><strong>17:00 <\/strong><em>\u2013 Nemezel\u0151 szakk\u00f6r <\/em><\/li>\n<li><em><strong>17:00 <\/strong>\u2013 Szenior \u00f6r\u00f6mt\u00e1nc <\/em><\/li>\n<li><strong>18:30<\/strong><em> \u2013 Zumba<\/em><\/li>\n<\/ul>\n<p><strong>Szerd\u00e1nk\u00e9nt <\/strong><\/p>\n<ul>\n<li><em><strong>8:30<\/strong> \u2013 <\/em><em>Szenior torna<\/em><\/li>\n<li><strong>16:30 <\/strong><em>\u00a0\u2013 Nemezel\u0151 szakk\u00f6r<\/em> <em>\u00a0<\/em><\/li>\n<li><strong>17:15<\/strong> \u2013 <em>Versenyt\u00e1nc<\/em> <em>\u00c9.T.S.E<\/em><\/li>\n<li><strong>19:00<\/strong><em> \u2013 J\u00f3ga n\u0151knek Nel\u00e9t\u00e1val<\/em><\/li>\n<\/ul>\n<p><strong>Cs\u00fct\u00f6rt\u00f6k\u00f6nk\u00e9nt <\/strong><\/p>\n<ul>\n<li><em><strong>8:00<\/strong> \u2013 Tart\u00e1sjav\u00edt\u00f3 torna<\/em><\/li>\n<li><strong>9:30<\/strong> <em>\u2013 Ringat\u00f3 <\/em><\/li>\n<li><em><strong>10:45 <\/strong>\u2013 Angol zeneb\u00f6lcsi (0-3 \u00e9ves korig)<\/em><\/li>\n<li><strong>17:00<\/strong> \u2013 <em>Masters ovi rocky<\/em><\/li>\n<li><strong>18:30 <\/strong><em>\u2013 Zumba<\/em><\/li>\n<\/ul>\n<p><strong>P\u00e9ntekenk\u00e9nt <\/strong><\/p>\n<ul>\n<li><strong>8:30 <\/strong><em>\u2013 Senior torna<\/em><\/li>\n<li><strong>9:40<\/strong> \u2013<em> Baba-mama j\u00f3ga<\/em><\/li>\n<li><strong>14:00 <\/strong><em>\u2013 3-1-2 Meridi\u00e1ntorna<\/em><\/li>\n<li><strong>15:00 <\/strong><em>\u2013 Pilates Er\u00e1val <\/em><\/li>\n<li><strong>17:30<\/strong><em> \u2013 Versenyt\u00e1nc \u00c9.T.S.E<\/em><\/li>\n<\/ul>\n<p><strong>Szombatonk\u00e9nt <\/strong><\/p>\n<ul>\n<li><strong>10:00<\/strong><em> \u2013<\/em> <em><em>AA klub<\/em><\/em><\/li>\n<\/ul>\n<h6><span style=\"color: #ff0000;\">K\u00d6NYV\u00c1R<\/span><\/h6>\n<p><strong>Szeptember 1-8. <\/strong><br \/>\nPARKV\u00c1ROSI FI\u00d3KK\u00d6NYVT\u00c1R: <em>K\u00f6nyvt\u00e1ri vakrandi<\/em><br \/>\nMerj es\u00e9lyt adni egy ismeretlen t\u00f6rt\u00e9netnek \u2013 lehet, hogy ez lesz az \u00faj kedvenced!<\/p>\n<p><strong>Szeptember 17-30.<\/strong><br \/>\nGYERMEKK\u00d6NYVT\u00c1R: <em>Ki\u00e1ll\u00edt\u00e1s a Ny\u00e1ri Olvas\u00e1si Kih\u00edv\u00e1sra behozott k\u00f6nyvjelz\u0151kb\u0151l<\/em><\/p>\n<p><strong>Szeptember 23.\u00a0 16:00 <\/strong><br \/>\nFELN\u0150TTK\u00d6NYVT\u00c1R:<br \/>\n<em>\u201e\u2026egy \u00e9gbolt alatt\u2026\u201d \u2013 Csuka Zolt\u00e1nra eml\u00e9kez\u00fcnk <\/em><br \/>\nEml\u00e9knap Csuka Zolt\u00e1n sz\u00fclet\u00e9s\u00e9nek 125. \u00e9vfordul\u00f3ja alkalm\u00e1b\u00f3l.<\/p>\n<p><strong>Szeptember 24. 16:30 <\/strong><br \/>\nFELN\u0150TTK\u00d6NYVT\u00c1R:<br \/>\n<em>T\u00e9ma a sorok k\u00f6z\u00f6tt:<\/em> Ember \u00e9s term\u00e9szet, rem\u00e9ny \u00e9s \u00e9lni akar\u00e1s Besz\u00e9lget\u00e9sek k\u00f6nyvekr\u0151l \u00e9s az \u00e9let nagy k\u00e9rd\u00e9seir\u0151l irodalmi \u00e9lm\u00e9nyeinken kereszt\u00fcl.<br \/>\nA tal\u00e1lkoz\u00f3t vezeti: Somfain\u00e9 Sz\u0171cs M\u00e1ria<br \/>\nAj\u00e1nlott k\u00f6tetek:<br \/>\n&#8211; M\u00e9lissa Da Costa: <em>Az \u00e9g minden k\u00e9kje<br \/>\n<\/em>&#8211; Lina Nordquist: <em>Ahov\u00e1 m\u00e9sz, megyek \u00e9n is<\/em><br \/>\nA R\u00c9SZV\u00c9TEL MINDENKI SZ\u00c1M\u00c1RA INGYENES!<\/p>\n<p><strong>Ny\u00e1ri olvas\u00e1si kih\u00edv\u00e1s<br \/>\n<\/strong><span style=\"font-size: 16px;\">j\u00fanius 22. &#8211; szeptember 11.<\/span><\/p>\n<p>Olvass b\u00e1rmit, ami \u00e9rdekel, k\u00e9sz\u00edts hozz\u00e1 egy saj\u00e1t k\u00f6nyvjelz\u0151t, \u00e9s csatlakozz a ny\u00e1ri olvas\u00e1si kih\u00edv\u00e1shoz!<\/p>\n<p><em>R\u00e9sztvev\u0151 k\u00f6nyvt\u00e1rak:\u202f<\/em><br \/>\nCsuka Zolt\u00e1n V\u00e1rosi K\u00f6nyvt\u00e1r \u2013 Gyermekk\u00f6nyvt\u00e1r<br \/>\n(2030 \u00c9rd, Hivatalnok utca 12.)<\/p>\n<p>Parkv\u00e1rosi Fi\u00f3kk\u00f6nyvt\u00e1r<br \/>\n(2030 \u00c9rd, G\u00e9p\u00e9sz utca 14.)<\/p>\n<p>R\u00e9szletek honlapunkon \u00e9s Facebook-oldalunkon!<\/p>\n<p><span style=\"color: #ff0000;\">\u00c1LLAND\u00d3 PROGRAMOK:<\/span><\/p>\n<p>FELN\u0150TTK\u00d6NYVT\u00c1R:<\/p>\n<p><strong>Tematikus k\u00f6nyvkiemel\u00e9s:<\/strong> <em>\u201eVissza az iskolapadba\u201d<\/em> \u2013 k\u00f6nyvek, amelyek c\u00edm\u00e9ben foglalkoz\u00e1sok vannak<\/p>\n<p><strong>Versek az ablakban:<\/strong> N\u00e9vad\u00f3nkat \u00fcnnepelj\u00fck \u2013 125 \u00e9ve sz\u00fcletett Csuka Zolt\u00e1n<\/p>\n<p>&nbsp;<\/p>","protected":false},"excerpt":{"rendered":"<p>Itt olvashatj\u00e1k a Szepes Gyula M\u0171vel\u0151d\u00e9si K\u00f6zpont, a Parkv\u00e1rosi K\u00f6z\u00f6ss\u00e9gi H\u00e1z \u00e9s a v\u00e1rosi k\u00f6nyvt\u00e1r aktu\u00e1lis programjait<\/p>","protected":false},"author":38,"featured_media":130298,"comment_status":"closed","ping_status":"closed","sticky":false,"template":"","format":"standard","meta":{"_acf_changed":false,"_seopress_titles_title":"","_seopress_titles_desc":"","_seopress_robots_index":"","_seopress_robots_follow":"","_seopress_robots_imageindex":"","_seopress_robots_snippet":"","_seopress_robots_primary_cat":"","_seopress_robots_breadcrumbs":"","_seopress_robots_freeze_modified_date":"","_seopress_robots_custom_modified_date":"","_seopress_robots_canonical":"","_seopress_social_fb_title":"","_seopress_social_fb_desc":"","_seopress_social_fb_img":"","_seopress_social_fb_img_attachment_id":0,"_seopress_social_fb_img_width":0,"_seopress_social_fb_img_height":0,"_seopress_social_twitter_title":"","_seopress_social_twitter_desc":"","_seopress_social_twitter_img":"","_seopress_social_twitter_img_attachment_id":0,"_seopress_social_twitter_img_width":0,"_seopress_social_twitter_img_height":0,"_seopress_redirections_value":"","_seopress_redirections_enabled":"","_seopress_redirections_enabled_regex":"","_seopress_redirections_logged_status":"both","_seopress_redirections_param":"","_seopress_redirections_type":301,"_seopress_analysis_target_kw":"","_seopress_news_disabled":"","_seopress_video_disabled":"","_seopress_video":[],"_seopress_pro_schemas_manual":[],"_seopress_pro_rich_snippets_disable_all":"","_seopress_pro_rich_snippets_disable":[],"_seopress_pro_schemas":[],"site-sidebar-layout":"default","site-content-layout":"","ast-site-content-layout":"default","site-content-style":"default","site-sidebar-style":"default","ast-global-header-display":"","ast-banner-title-visibility":"","ast-main-header-display":"","ast-hfb-above-header-display":"","ast-hfb-below-header-display":"","ast-hfb-mobile-header-display":"","site-post-title":"","ast-breadcrumbs-content":"","ast-featured-img":"","footer-sml-layout":"","ast-disable-related-posts":"","theme-transparent-header-meta":"default","adv-header-id-meta":"","stick-header-meta":"","header-above-stick-meta":"","header-main-stick-meta":"","header-below-stick-meta":"","astra-migrate-meta-layouts":"set","ast-page-background-enabled":"default","ast-page-background-meta":{"desktop":{"background-color":"","background-image":"","background-repeat":"repeat","background-position":"center center","background-size":"auto","background-attachment":"scroll","background-type":"","background-media":"","overlay-type":"","overlay-color":"","overlay-opacity":"","overlay-gradient":""},"tablet":{"background-color":"","background-image":"","background-repeat":"repeat","background-position":"center center","background-size":"auto","background-attachment":"scroll","background-type":"","background-media":"","overlay-type":"","overlay-color":"","overlay-opacity":"","overlay-gradient":""},"mobile":{"background-color":"","background-image":"","background-repeat":"repeat","background-position":"center center","background-size":"auto","background-attachment":"scroll","background-type":"","background-media":"","overlay-type":"","overlay-color":"","overlay-opacity":"","overlay-gradient":""}},"ast-content-background-meta":{"desktop":{"background-color":"var(--ast-global-color-5)","background-image":"","background-repeat":"repeat","background-position":"center center","background-size":"auto","background-attachment":"scroll","background-type":"","background-media":"","overlay-type":"","overlay-color":"","overlay-opacity":"","overlay-gradient":""},"tablet":{"background-color":"var(--ast-global-color-5)","background-image":"","background-repeat":"repeat","background-position":"center center","background-size":"auto","background-attachment":"scroll","background-type":"","background-media":"","overlay-type":"","overlay-color":"","overlay-opacity":"","overlay-gradient":""},"mobile":{"background-color":"var(--ast-global-color-5)","background-image":"","background-repeat":"repeat","background-position":"center center","background-size":"auto","background-attachment":"scroll","background-type":"","background-media":"","overlay-type":"","overlay-color":"","overlay-opacity":"","overlay-gradient":""}},"footnotes":""},"categories":[1],"cikk_cimkek":[636,653],"content_flags":[6165],"content_icons":[],"class_list":["post-132180","post","type-post","status-publish","format-standard","has-post-thumbnail","hentry","category-erdmost","cikk_cimkek-programok","cikk_cimkek-szepes-gyula-muvelodesi-kozpont","content_flags-programok"],"acf":[],"_links":{"self":[{"href":"https:\/\/dev.erdmost.hu\/en\/wp-json\/wp\/v2\/posts\/132180","targetHints":{"allow":["GET"]}}],"collection":[{"href":"https:\/\/dev.erdmost.hu\/en\/wp-json\/wp\/v2\/posts"}],"about":[{"href":"https:\/\/dev.erdmost.hu\/en\/wp-json\/wp\/v2\/types\/post"}],"author":[{"embeddable":true,"href":"https:\/\/dev.erdmost.hu\/en\/wp-json\/wp\/v2\/users\/38"}],"replies":[{"embeddable":true,"href":"https:\/\/dev.erdmost.hu\/en\/wp-json\/wp\/v2\/comments?post=132180"}],"version-history":[{"count":35,"href":"https:\/\/dev.erdmost.hu\/en\/wp-json\/wp\/v2\/posts\/132180\/revisions"}],"predecessor-version":[{"id":144028,"href":"https:\/\/dev.erdmost.hu\/en\/wp-json\/wp\/v2\/posts\/132180\/revisions\/144028"}],"wp:featuredmedia":[{"embeddable":true,"href":"https:\/\/dev.erdmost.hu\/en\/wp-json\/wp\/v2\/media\/130298"}],"wp:attachment":[{"href":"https:\/\/dev.erdmost.hu\/en\/wp-json\/wp\/v2\/media?parent=132180"}],"wp:term":[{"taxonomy":"category","embeddable":true,"href":"https:\/\/dev.erdmost.hu\/en\/wp-json\/wp\/v2\/categories?post=132180"},{"taxonomy":"cikk_cimkek","embeddable":true,"href":"https:\/\/dev.erdmost.hu\/en\/wp-json\/wp\/v2\/cikk_cimkek?post=132180"},{"taxonomy":"content_flags","embeddable":true,"href":"https:\/\/dev.erdmost.hu\/en\/wp-json\/wp\/v2\/content_flags?post=132180"},{"taxonomy":"content_icons","embeddable":true,"href":"https:\/\/dev.erdmost.hu\/en\/wp-json\/wp\/v2\/content_icons?post=132180"}],"curies":[{"name":"wp","href":"https:\/\/api.w.org\/{rel}","templated":true}]}}